{"id":1180,"date":"2020-10-27T17:37:47","date_gmt":"2020-10-27T16:37:47","guid":{"rendered":"https:\/\/feuerwehr-steinwedel.de\/?p=1180"},"modified":"2020-10-27T19:47:04","modified_gmt":"2020-10-27T18:47:04","slug":"gasleck-durch-baggersrbeiten","status":"publish","type":"post","link":"https:\/\/feuerwehr-steinwedel.de\/index.php\/2020\/10\/27\/gasleck-durch-baggersrbeiten\/","title":{"rendered":"Gasleck durch Baggerarbeiten"},"content":{"rendered":"<!-- wp:themify-builder\/canvas \/-->\n\n\n<p>Heute wurden wir zu einem Gasleck, welches durch Baggerarbeiten auf einem landwirtschaftlichen Anwesen an der Dorfstra\u00dfe in Steinwedel verursacht wurde, gerufen. Zusammen mit der Ortsfeuerwehr Aligse haben wir die Einsatzstelle weitr\u00e4umig abgesichert und den Brandschutz sichergestellt, w\u00e4hrend die Stadtwerke das Gasleck verschlossen haben.<\/p>\n\n\n\n<p>Mit uns im Einsatz waren auch Kr\u00e4fte vom Rettungsdienst und der Polizei.<\/p>\n","protected":false},"excerpt":{"rendered":"<p>Heute wurden wir zu einem Gasleck, welches durch Baggerarbeiten auf einem landwirtschaftlichen Anwesen an der Dorfstra\u00dfe in Steinwedel verursacht wurde, gerufen. Zusammen mit der Ortsfeuerwehr Aligse haben wir die Einsatzstelle weitr\u00e4umig abgesichert und den Brandschutz sichergestellt, w\u00e4hrend die Stadtwerke das Gasleck verschlossen haben. Mit uns im Einsatz waren auch Kr\u00e4fte vom Rettungsdienst und der Polizei.<\/p>\n","protected":false},"author":4,"featured_media":0,"comment_status":"closed","ping_status":"open","sticky":false,"template":"","format":"standard","meta":{"footnotes":""},"categories":[3],"tags":[],"class_list":["post-1180","post","type-post","status-publish","format-standard","hentry","category-einsaetze","has-post-title","has-post-date","has-post-category","has-post-tag","has-post-comment","has-post-author",""],"builder_content":"","_links":{"self":[{"href":"https:\/\/feuerwehr-steinwedel.de\/index.php\/wp-json\/wp\/v2\/posts\/1180","targetHints":{"allow":["GET"]}}],"collection":[{"href":"https:\/\/feuerwehr-steinwedel.de\/index.php\/wp-json\/wp\/v2\/posts"}],"about":[{"href":"https:\/\/feuerwehr-steinwedel.de\/index.php\/wp-json\/wp\/v2\/types\/post"}],"author":[{"embeddable":true,"href":"https:\/\/feuerwehr-steinwedel.de\/index.php\/wp-json\/wp\/v2\/users\/4"}],"replies":[{"embeddable":true,"href":"https:\/\/feuerwehr-steinwedel.de\/index.php\/wp-json\/wp\/v2\/comments?post=1180"}],"version-history":[{"count":3,"href":"https:\/\/feuerwehr-steinwedel.de\/index.php\/wp-json\/wp\/v2\/posts\/1180\/revisions"}],"predecessor-version":[{"id":1183,"href":"https:\/\/feuerwehr-steinwedel.de\/index.php\/wp-json\/wp\/v2\/posts\/1180\/revisions\/1183"}],"wp:attachment":[{"href":"https:\/\/feuerwehr-steinwedel.de\/index.php\/wp-json\/wp\/v2\/media?parent=1180"}],"wp:term":[{"taxonomy":"category","embeddable":true,"href":"https:\/\/feuerwehr-steinwedel.de\/index.php\/wp-json\/wp\/v2\/categories?post=1180"},{"taxonomy":"post_tag","embeddable":true,"href":"https:\/\/feuerwehr-steinwedel.de\/index.php\/wp-json\/wp\/v2\/tags?post=1180"}],"curies":[{"name":"wp","href":"https:\/\/api.w.org\/{rel}","templated":true}]}}