{"id":1186,"date":"2020-11-19T17:29:00","date_gmt":"2020-11-19T16:29:00","guid":{"rendered":"https:\/\/feuerwehr-steinwedel.de\/?p=1186"},"modified":"2020-11-20T12:45:21","modified_gmt":"2020-11-20T11:45:21","slug":"kuechenbrand-im-hinterhaus","status":"publish","type":"post","link":"https:\/\/feuerwehr-steinwedel.de\/index.php\/2020\/11\/19\/kuechenbrand-im-hinterhaus\/","title":{"rendered":"K\u00fcchenbrand im Hinterhaus"},"content":{"rendered":"<!-- wp:themify-builder\/canvas \/-->\n\n\n<p>Zusammen mit der Ortsfeuerwehr Aligse wurden wir als 3. Zug zur Unterst\u00fctzung der Ortsfeuerwehr Lehrte, aufgrund eines K\u00fcchenbrandes in der K\u00f6rnerstrasse, als Verst\u00e4rkungskr\u00e4fte alarmiert. Durch die Bereitstellung von Atemschutztrupps, dem Ausleuchten der Einsatzstelle und der allgemeinen Unterst\u00fctzung der Lehrter Einsatzkr\u00e4fte, konnten wir einen wesentlichen Beitrag zum Erfolg dieses Einsatzes leisten.<\/p>\n","protected":false},"excerpt":{"rendered":"<p>Zusammen mit der Ortsfeuerwehr Aligse wurden wir als 3. Zug zur Unterst\u00fctzung der Ortsfeuerwehr Lehrte, aufgrund eines K\u00fcchenbrandes in der K\u00f6rnerstrasse, als Verst\u00e4rkungskr\u00e4fte alarmiert. Durch die Bereitstellung von Atemschutztrupps, dem Ausleuchten der Einsatzstelle und der allgemeinen Unterst\u00fctzung der Lehrter Einsatzkr\u00e4fte, konnten wir einen wesentlichen Beitrag zum Erfolg dieses Einsatzes leisten.<\/p>\n","protected":false},"author":4,"featured_media":0,"comment_status":"closed","ping_status":"open","sticky":false,"template":"","format":"standard","meta":{"footnotes":""},"categories":[3],"tags":[],"class_list":["post-1186","post","type-post","status-publish","format-standard","hentry","category-einsaetze","has-post-title","has-post-date","has-post-category","has-post-tag","has-post-comment","has-post-author",""],"builder_content":"","_links":{"self":[{"href":"https:\/\/feuerwehr-steinwedel.de\/index.php\/wp-json\/wp\/v2\/posts\/1186","targetHints":{"allow":["GET"]}}],"collection":[{"href":"https:\/\/feuerwehr-steinwedel.de\/index.php\/wp-json\/wp\/v2\/posts"}],"about":[{"href":"https:\/\/feuerwehr-steinwedel.de\/index.php\/wp-json\/wp\/v2\/types\/post"}],"author":[{"embeddable":true,"href":"https:\/\/feuerwehr-steinwedel.de\/index.php\/wp-json\/wp\/v2\/users\/4"}],"replies":[{"embeddable":true,"href":"https:\/\/feuerwehr-steinwedel.de\/index.php\/wp-json\/wp\/v2\/comments?post=1186"}],"version-history":[{"count":1,"href":"https:\/\/feuerwehr-steinwedel.de\/index.php\/wp-json\/wp\/v2\/posts\/1186\/revisions"}],"predecessor-version":[{"id":1187,"href":"https:\/\/feuerwehr-steinwedel.de\/index.php\/wp-json\/wp\/v2\/posts\/1186\/revisions\/1187"}],"wp:attachment":[{"href":"https:\/\/feuerwehr-steinwedel.de\/index.php\/wp-json\/wp\/v2\/media?parent=1186"}],"wp:term":[{"taxonomy":"category","embeddable":true,"href":"https:\/\/feuerwehr-steinwedel.de\/index.php\/wp-json\/wp\/v2\/categories?post=1186"},{"taxonomy":"post_tag","embeddable":true,"href":"https:\/\/feuerwehr-steinwedel.de\/index.php\/wp-json\/wp\/v2\/tags?post=1186"}],"curies":[{"name":"wp","href":"https:\/\/api.w.org\/{rel}","templated":true}]}}