{"id":2688,"date":"2025-07-08T23:33:00","date_gmt":"2025-07-08T21:33:00","guid":{"rendered":"https:\/\/feuerwehr-steinwedel.de\/?p=2688"},"modified":"2025-08-10T12:17:30","modified_gmt":"2025-08-10T10:17:30","slug":"grossbrand-in-lehrte-gartenlaubenbrand-fordert-unsere-feuerwehrkraefte","status":"publish","type":"post","link":"https:\/\/feuerwehr-steinwedel.de\/index.php\/2025\/07\/08\/grossbrand-in-lehrte-gartenlaubenbrand-fordert-unsere-feuerwehrkraefte\/","title":{"rendered":"Gro\u00dfbrand in Lehrte: Gartenlaubenbrand fordert unsere Feuerwehrkr\u00e4fte"},"content":{"rendered":"\n<p>In der Nacht von Dienstag auf Mittwoch wurden wir zusammen mit den Ortswehren Ahlten, Aligse und Lehrte zu einem Gro\u00dfbrand im Bereich der Kleing\u00e4rten am Fuhrenweg in Lehrte alarmiert. Ein ausgedehntes Feuer hatte eine gro\u00dfe Gartenlaube, einen Unterstand sowie umliegende B\u00e4ume und Str\u00e4ucher erfasst und sorgte f\u00fcr eine weithin sichtbare Flammenwand.<\/p>\n\n\n\n<h3 class=\"wp-block-heading\">Brandbek\u00e4mpfung unter erschwerten Bedingungen<\/h3>\n\n\n\n<p>Bereits um 23:22 Uhr wurde zun\u00e4chst die Ortsfeuerwehr Ahlten zu einem Kleinbrand au\u00dferorts alarmiert, da schwarzer Rauch und Flammen in Richtung Lehrte K\u00f6thenwaldstra\u00dfe gemeldet wurden. Schon auf der Anfahrt best\u00e4tigte sich das Ausma\u00df des Brandes, woraufhin umgehend nachalarmiert wurde.<\/p>\n\n\n\n<p>Beim Eintreffen stand eine gro\u00dfe Gartenlaube in Vollbrand. Die enorme Hitzeentwicklung und starker Funkenflug lie\u00dfen ein schnelles \u00dcbergreifen auf weitere Bereiche bef\u00fcrchten. Die Einsatzleitung erh\u00f6hte daraufhin die Alarmstufe auf B3 \u2013 Gro\u00dfbrand \u2013 und forderte als zus\u00e4tzliche Kr\u00e4fte den dritten Zug aus Aligse und Steinwedel an. Auch der Einsatzleitwagen 2 (ELW 2) aus Ahlten, das ELO-Personal aus Lehrte sowie die Hygienekomponente der Stadtfeuerwehr wurden zur Einsatzstelle beordert.<\/p>\n\n\n\n<p>Mit insgesamt <strong>sieben C-Rohren<\/strong> und <strong>einem B-Rohr<\/strong> gelang es uns, eine weitere Ausbreitung des Feuers zu verhindern. Die starke Rauchentwicklung erforderte dabei einen <strong>massiven Atemschutzeinsatz<\/strong>. Besonders herausfordernd gestaltete sich der Einsatz durch den <strong>Ausfall des Digitalfunknetzes<\/strong>, was die Kommunikation zwischen den Einsatzkr\u00e4ften und der Leitstelle in der Anfangsphase erheblich beeintr\u00e4chtigte und nur \u00fcber Mobiltelefone m\u00f6glich war. Zus\u00e4tzlich waren unsere direkt am Brandherd arbeitenden Feuerwehrleute durch <strong>explodierende Spraydosen und Propangasflaschen<\/strong> einer erh\u00f6hten Gefahr ausgesetzt.<\/p>\n\n\n\n<h3 class=\"wp-block-heading\">Langwierige Nachl\u00f6scharbeiten<\/h3>\n\n\n\n<p>Gegen 2:00 Uhr morgens war die Lage soweit unter Kontrolle, dass der ELW 2 und das ELO-Personal den Einsatz beenden konnten. Die <strong>Nachl\u00f6scharbeiten zogen sich jedoch bis in die Morgenstunden hin<\/strong>. Um auch die letzten Glutnester, die sich teilweise unter dem Brandschutt befanden, vollst\u00e4ndig abzul\u00f6schen, wurde die Einsatzstelle abschlie\u00dfend mit einem Schaumteppich bedeckt.<\/p>\n\n\n<!-- wp:themify-builder\/canvas \/-->","protected":false},"excerpt":{"rendered":"<p>In der Nacht von Dienstag auf Mittwoch wurden wir zusammen mit den Ortswehren Ahlten, Aligse und Lehrte zu einem Gro\u00dfbrand im Bereich der Kleing\u00e4rten am Fuhrenweg in Lehrte alarmiert. Ein ausgedehntes Feuer hatte eine gro\u00dfe Gartenlaube, einen Unterstand sowie umliegende B\u00e4ume und Str\u00e4ucher erfasst und sorgte f\u00fcr eine weithin sichtbare Flammenwand. Brandbek\u00e4mpfung unter erschwerten Bedingungen [&hellip;]<\/p>\n","protected":false},"author":8,"featured_media":0,"comment_status":"closed","ping_status":"closed","sticky":false,"template":"","format":"standard","meta":{"footnotes":""},"categories":[3],"tags":[],"class_list":["post-2688","post","type-post","status-publish","format-standard","hentry","category-einsaetze","has-post-title","has-post-date","has-post-category","has-post-tag","has-post-comment","has-post-author",""],"builder_content":"","_links":{"self":[{"href":"https:\/\/feuerwehr-steinwedel.de\/index.php\/wp-json\/wp\/v2\/posts\/2688","targetHints":{"allow":["GET"]}}],"collection":[{"href":"https:\/\/feuerwehr-steinwedel.de\/index.php\/wp-json\/wp\/v2\/posts"}],"about":[{"href":"https:\/\/feuerwehr-steinwedel.de\/index.php\/wp-json\/wp\/v2\/types\/post"}],"author":[{"embeddable":true,"href":"https:\/\/feuerwehr-steinwedel.de\/index.php\/wp-json\/wp\/v2\/users\/8"}],"replies":[{"embeddable":true,"href":"https:\/\/feuerwehr-steinwedel.de\/index.php\/wp-json\/wp\/v2\/comments?post=2688"}],"version-history":[{"count":1,"href":"https:\/\/feuerwehr-steinwedel.de\/index.php\/wp-json\/wp\/v2\/posts\/2688\/revisions"}],"predecessor-version":[{"id":2689,"href":"https:\/\/feuerwehr-steinwedel.de\/index.php\/wp-json\/wp\/v2\/posts\/2688\/revisions\/2689"}],"wp:attachment":[{"href":"https:\/\/feuerwehr-steinwedel.de\/index.php\/wp-json\/wp\/v2\/media?parent=2688"}],"wp:term":[{"taxonomy":"category","embeddable":true,"href":"https:\/\/feuerwehr-steinwedel.de\/index.php\/wp-json\/wp\/v2\/categories?post=2688"},{"taxonomy":"post_tag","embeddable":true,"href":"https:\/\/feuerwehr-steinwedel.de\/index.php\/wp-json\/wp\/v2\/tags?post=2688"}],"curies":[{"name":"wp","href":"https:\/\/api.w.org\/{rel}","templated":true}]}}