{"id":2813,"date":"2026-04-27T16:16:00","date_gmt":"2026-04-27T14:16:00","guid":{"rendered":"https:\/\/feuerwehr-steinwedel.de\/?p=2813"},"modified":"2026-04-28T12:55:59","modified_gmt":"2026-04-28T10:55:59","slug":"dachstuhlbrand-2","status":"publish","type":"post","link":"https:\/\/feuerwehr-steinwedel.de\/index.php\/2026\/04\/27\/dachstuhlbrand-2\/","title":{"rendered":"Dachstuhlbrand"},"content":{"rendered":"\n<p>Am Montagnachmittag wurden wir zu einem Dachstuhlbrand nach Lehrte alarmiert. Vor Ort waren beim Abbrennen von Unkraut, zwei B\u00e4ume in Brand geraten. Durch die unmittelbare N\u00e4he der B\u00e4ume zum Wohnhaus, griff das Feuer auf Teile des Dachs \u00fcber. Durch Anwohner konnte der Brand selbstst\u00e4ndig gel\u00f6scht werden, sodass die Kameraden aus Lehrte den betroffenen Bereich lediglich mit einer W\u00e4rmebildkamera kontrollieren, und wir nicht t\u00e4tig werden mussten.<\/p>\n\n\n\n<p>Wichtiger Hinweis: Durch die aktuell anhaltende, trockene Witterung besteht bereits jetzt eine erh\u00f6hte Gefahr von Wald und Vegetationsbr\u00e4nden. Bringen Sie sich im Brandfall niemals selbst in Gefahr und verst\u00e4ndigen Sie umgehend die Feuerwehr! <\/p>\n\n\n\n<p>Foto: www.feuerwehr-lehrte.net<\/p>\n\n\n\n<figure class=\"wp-block-image size-full\"><img loading=\"lazy\" decoding=\"async\" width=\"1024\" height=\"585\" src=\"https:\/\/feuerwehr-steinwedel.de\/wp-content\/uploads\/2026\/04\/20260427_b2_Lehrte_Dachstuhlbrand-1024x585-1.jpg\" alt=\"\" class=\"wp-image-2814\" srcset=\"https:\/\/feuerwehr-steinwedel.de\/wp-content\/uploads\/2026\/04\/20260427_b2_Lehrte_Dachstuhlbrand-1024x585-1.jpg 1024w, https:\/\/feuerwehr-steinwedel.de\/wp-content\/uploads\/2026\/04\/20260427_b2_Lehrte_Dachstuhlbrand-1024x585-1-300x171.jpg 300w, https:\/\/feuerwehr-steinwedel.de\/wp-content\/uploads\/2026\/04\/20260427_b2_Lehrte_Dachstuhlbrand-1024x585-1-768x439.jpg 768w\" sizes=\"auto, (max-width: 1024px) 100vw, 1024px\" \/><\/figure>\n\n\n<!-- wp:themify-builder\/canvas \/-->","protected":false},"excerpt":{"rendered":"<p>Am Montagnachmittag wurden wir zu einem Dachstuhlbrand nach Lehrte alarmiert. Vor Ort waren beim Abbrennen von Unkraut, zwei B\u00e4ume in Brand geraten. Durch die unmittelbare N\u00e4he der B\u00e4ume zum Wohnhaus, griff das Feuer auf Teile des Dachs \u00fcber. Durch Anwohner konnte der Brand selbstst\u00e4ndig gel\u00f6scht werden, sodass die Kameraden aus Lehrte den betroffenen Bereich lediglich [&hellip;]<\/p>\n","protected":false},"author":9,"featured_media":0,"comment_status":"closed","ping_status":"closed","sticky":false,"template":"","format":"standard","meta":{"footnotes":""},"categories":[3],"tags":[],"class_list":["post-2813","post","type-post","status-publish","format-standard","hentry","category-einsaetze","has-post-title","has-post-date","has-post-category","has-post-tag","has-post-comment","has-post-author",""],"builder_content":"","_links":{"self":[{"href":"https:\/\/feuerwehr-steinwedel.de\/index.php\/wp-json\/wp\/v2\/posts\/2813","targetHints":{"allow":["GET"]}}],"collection":[{"href":"https:\/\/feuerwehr-steinwedel.de\/index.php\/wp-json\/wp\/v2\/posts"}],"about":[{"href":"https:\/\/feuerwehr-steinwedel.de\/index.php\/wp-json\/wp\/v2\/types\/post"}],"author":[{"embeddable":true,"href":"https:\/\/feuerwehr-steinwedel.de\/index.php\/wp-json\/wp\/v2\/users\/9"}],"replies":[{"embeddable":true,"href":"https:\/\/feuerwehr-steinwedel.de\/index.php\/wp-json\/wp\/v2\/comments?post=2813"}],"version-history":[{"count":2,"href":"https:\/\/feuerwehr-steinwedel.de\/index.php\/wp-json\/wp\/v2\/posts\/2813\/revisions"}],"predecessor-version":[{"id":2817,"href":"https:\/\/feuerwehr-steinwedel.de\/index.php\/wp-json\/wp\/v2\/posts\/2813\/revisions\/2817"}],"wp:attachment":[{"href":"https:\/\/feuerwehr-steinwedel.de\/index.php\/wp-json\/wp\/v2\/media?parent=2813"}],"wp:term":[{"taxonomy":"category","embeddable":true,"href":"https:\/\/feuerwehr-steinwedel.de\/index.php\/wp-json\/wp\/v2\/categories?post=2813"},{"taxonomy":"post_tag","embeddable":true,"href":"https:\/\/feuerwehr-steinwedel.de\/index.php\/wp-json\/wp\/v2\/tags?post=2813"}],"curies":[{"name":"wp","href":"https:\/\/api.w.org\/{rel}","templated":true}]}}